{"id":4002,"date":"2026-04-28T14:56:18","date_gmt":"2026-04-28T14:56:18","guid":{"rendered":"https:\/\/samso.eco\/un-any-del-lapagada-del-sistema-electric-a-espanya-rigor-i-aprenentatges\/"},"modified":"2026-04-28T15:06:08","modified_gmt":"2026-04-28T15:06:08","slug":"un-any-del-lapagada-del-sistema-electric-a-espanya-rigor-i-aprenentatges","status":"publish","type":"post","link":"https:\/\/samso.eco\/ca\/un-any-del-lapagada-del-sistema-electric-a-espanya-rigor-i-aprenentatges\/","title":{"rendered":"Un any de l&#8217;apagada del sistema el\u00e8ctric a Espanya: rigor i aprenentatges"},"content":{"rendered":"<p style=\"font-weight: 400;\">Avui fa un any del major apagament de la hist\u00f2ria recent d\u2019Espanya. \u00c9s el moment de parlar amb claredat. <\/p>\n<p style=\"font-weight: 400;\" data-start=\"291\" data-end=\"424\">Des de SAMSO, com a despatx especialitzat en transici\u00f3 energ\u00e8tica, volem aportar all\u00f2 que ens correspon: rigor t\u00e8cnic i jur\u00eddic.<\/p>\n<h3><strong>El que diuen els informes. Tots. <\/strong><\/h3>\n<p style=\"font-weight: 400;\" data-start=\"469\" data-end=\"588\">L\u2019informe d\u2019ENTSO-E, el de REDEIA, el del Ministeri i el de la Universitat Comillas coincideixen en la mateixa direcci\u00f3:<\/p>\n<ul style=\"font-weight: 400;\" data-start=\"590\" data-end=\"691\">\n<li data-section-id=\"vzkw5x\" data-start=\"590\" data-end=\"640\">L\u2019apagada no va ser causada per manca d\u2019in\u00e8rcia.<\/li>\n<li data-section-id=\"a718ps\" data-start=\"641\" data-end=\"691\">Va ser un error en el control de tensi\u00f3 de la xarxa.<\/li>\n<\/ul>\n<p style=\"font-weight: 400;\" data-start=\"693\" data-end=\"819\">o \u00e9s un mat\u00eds menor. \u00c9s la difer\u00e8ncia entre identificar correctament el problema o buscar solucions en el lloc equivocat. <\/p>\n<h3><strong>El veritable problema: la regulaci\u00f3 anava per darrere<\/strong><\/h3>\n<p style=\"font-weight: 400;\" data-start=\"882\" data-end=\"1083\">El 28 d\u2019abril de 2025, les energies renovables NO podien participar en el control de tensi\u00f3 de la xarxa. No per una limitaci\u00f3 tecnol\u00f2gica, sin\u00f3 perqu\u00e8 el Procediment d\u2019Operaci\u00f3 7.4 no ho permetia. <\/p>\n<p style=\"font-weight: 400;\" data-start=\"1085\" data-end=\"1199\">El sector feia m\u00e9s de quatre anys que sol\u00b7licitava aquesta actualitzaci\u00f3 normativa. Va arribar despr\u00e9s de l\u2019apagament, no abans. <\/p>\n<p style=\"font-weight: 400;\" data-start=\"1201\" data-end=\"1378\">Aquesta \u00e9s la principal lli\u00e7\u00f3 jur\u00eddica i reguladora del 28 d\u2019abril: la normativa no pot anar per darrere de la tecnologia. Quan aix\u00f2 passa, el cost el suporten els ciutadans. <\/p>\n<p style=\"font-weight: 400;\" data-start=\"1380\" data-end=\"1624\">Pel que fa a l\u2019impacte econ\u00f2mic, nom\u00e9s en restriccions t\u00e8cniques de control de tensi\u00f3, el sistema va assumir 2.303 milions d\u2019euros el 2025. D\u2019aquests, 725 milions corresponen al sobrecost directe de l\u2019operaci\u00f3 refor\u00e7ada posterior a l\u2019apagament. <\/p>\n<h3><strong>Un any despr\u00e9s: aven\u00e7os i reptes<\/strong><\/h3>\n<h5 data-section-id=\"coko8t\" data-start=\"1667\" data-end=\"1693\"><strong>El que ha millorat<\/strong><\/h5>\n<p style=\"font-weight: 400;\" data-start=\"1694\" data-end=\"1890\">Des de mar\u00e7 de 2026, les energies renovables ja poden participar en el control de tensi\u00f3. Actualment hi ha 4,5 GW habilitats. El cost de les restriccions s\u2019ha redu\u00eft de manera significativa.  <\/p>\n<h5 data-section-id=\"1kgl8f7\" data-start=\"1892\" data-end=\"1923\"><strong>El que queda pendent <\/strong><\/h5>\n<p style=\"font-weight: 400;\" data-start=\"1924\" data-end=\"2165\">El potencial renovable habilitable podr\u00eda alcanzar los 32,5 GW, pero la retribuci\u00f3n actual es de 1 \u20ac\/MVArh, frente a los 100\u2013200 \u20ac\/MVArh que reciben los ciclos combinados de gas por el mismo servicio. Esta diferencia ralentiza el despliegue. <\/p>\n<p style=\"font-weight: 400;\" data-start=\"2167\" data-end=\"2358\">Tamb\u00e9 queda per desenvolupar la regulaci\u00f3 del grid-forming, la tecnologia que permetr\u00e0 a les renovables i a l\u2019emmagatzematge aportar tamb\u00e9 serveis d\u2019in\u00e8rcia. La tecnologia ja existeix. <\/p>\n<h3><strong>La pregunta que queda oberta<\/strong><\/h3>\n<p style=\"font-weight: 400;\" data-start=\"2399\" data-end=\"2578\">El debat sobre si les renovables s\u00f3n compatibles amb la seguretat del sistema ja t\u00e9 resposta t\u00e8cnica: s\u00ed que ho s\u00f3n, i amb la regulaci\u00f3 adequada poden ser el seu principal garant.<\/p>\n<p style=\"font-weight: 400;\" data-start=\"2580\" data-end=\"2747\">La pregunta que queda sobre la taula \u00e9s una altra: serem capa\u00e7os d\u2019actualitzar el marc regulador amb la velocitat que el sistema necessita, abans del pr\u00f2xim incident?<\/p>\n<p style=\"font-weight: 400;\" data-start=\"2749\" data-end=\"2851\" data-is-last-node=\"\" data-is-only-node=\"\">En els darrers temps s\u2019ha avan\u00e7at. I un any despr\u00e9s, estem millor. Per\u00f2 hem de continuar avan\u00e7ant.  <\/p>\n","protected":false},"excerpt":{"rendered":"<p>Avui fa un any del major apagament de la hist\u00f2ria recent d\u2019Espanya. \u00c9s el moment de parlar amb claredat. Des de SAMSO, com a despatx especialitzat en transici\u00f3 energ\u00e8tica, volem aportar all\u00f2 que ens correspon: rigor t\u00e8cnic i jur\u00eddic. El que diuen els informes. Tots. L\u2019informe d\u2019ENTSO-E, el de REDEIA, el del Ministeri i el [&hellip;]<\/p>\n","protected":false},"author":2,"featured_media":3995,"comment_status":"open","ping_status":"open","sticky":false,"template":"","format":"standard","meta":{"footnotes":""},"categories":[31],"tags":[],"class_list":["post-4002","post","type-post","status-publish","format-standard","has-post-thumbnail","hentry","category-noticies"],"yoast_head":"<!-- This site is optimized with the Yoast SEO plugin v27.5 - https:\/\/yoast.com\/product\/yoast-seo-wordpress\/ -->\n<title>Un any del l&#039;apagada del sistema el\u00e8ctric a Espanya - Samso<\/title>\n<meta name=\"description\" content=\"An\u00e0lisi de SAMSO sobre l&#039;apagada el\u00e8ctrica a Espanya: causes, fallades reguladores, impacte econ\u00f2mic i reptes del sistema el\u00e8ctric\" \/>\n<meta name=\"robots\" content=\"index, follow, max-snippet:-1, max-image-preview:large, max-video-preview:-1\" \/>\n<link rel=\"canonical\" href=\"https:\/\/samso.eco\/ca\/un-any-del-lapagada-del-sistema-electric-a-espanya-rigor-i-aprenentatges\/\" \/>\n<meta property=\"og:locale\" content=\"ca_ES\" \/>\n<meta property=\"og:type\" content=\"article\" \/>\n<meta property=\"og:title\" content=\"Un any del l&#039;apagada del sistema el\u00e8ctric a Espanya - Samso\" \/>\n<meta property=\"og:description\" content=\"An\u00e0lisi de SAMSO sobre l&#039;apagada el\u00e8ctrica a Espanya: causes, fallades reguladores, impacte econ\u00f2mic i reptes del sistema el\u00e8ctric\" \/>\n<meta property=\"og:url\" content=\"https:\/\/samso.eco\/ca\/un-any-del-lapagada-del-sistema-electric-a-espanya-rigor-i-aprenentatges\/\" \/>\n<meta property=\"og:site_name\" content=\"Samso\" \/>\n<meta property=\"article:published_time\" content=\"2026-04-28T14:56:18+00:00\" \/>\n<meta property=\"article:modified_time\" content=\"2026-04-28T15:06:08+00:00\" \/>\n<meta property=\"og:image\" content=\"https:\/\/samso.eco\/wp-content\/uploads\/2026\/04\/Captura-de-pantalla-2026-04-28-a-les-16.55.11.png\" \/>\n\t<meta property=\"og:image:width\" content=\"593\" \/>\n\t<meta property=\"og:image:height\" content=\"383\" \/>\n\t<meta property=\"og:image:type\" content=\"image\/png\" \/>\n<meta name=\"author\" content=\"eco-samso\" \/>\n<meta name=\"twitter:card\" content=\"summary_large_image\" \/>\n<meta name=\"twitter:label1\" content=\"Escrit per\" \/>\n\t<meta name=\"twitter:data1\" content=\"eco-samso\" \/>\n\t<meta name=\"twitter:label2\" content=\"Temps estimat de lectura\" \/>\n\t<meta name=\"twitter:data2\" content=\"2 minuts\" \/>\n<script type=\"application\/ld+json\" class=\"yoast-schema-graph\">{\"@context\":\"https:\\\/\\\/schema.org\",\"@graph\":[{\"@type\":\"Article\",\"@id\":\"https:\\\/\\\/samso.eco\\\/ca\\\/un-any-del-lapagada-del-sistema-electric-a-espanya-rigor-i-aprenentatges\\\/#article\",\"isPartOf\":{\"@id\":\"https:\\\/\\\/samso.eco\\\/ca\\\/un-any-del-lapagada-del-sistema-electric-a-espanya-rigor-i-aprenentatges\\\/\"},\"author\":{\"name\":\"eco-samso\",\"@id\":\"https:\\\/\\\/samso.eco\\\/ca\\\/#\\\/schema\\\/person\\\/8946490360756445b199e11a2308f0be\"},\"headline\":\"Un any de l&#8217;apagada del sistema el\u00e8ctric a Espanya: rigor i aprenentatges\",\"datePublished\":\"2026-04-28T14:56:18+00:00\",\"dateModified\":\"2026-04-28T15:06:08+00:00\",\"mainEntityOfPage\":{\"@id\":\"https:\\\/\\\/samso.eco\\\/ca\\\/un-any-del-lapagada-del-sistema-electric-a-espanya-rigor-i-aprenentatges\\\/\"},\"wordCount\":472,\"commentCount\":0,\"publisher\":{\"@id\":\"https:\\\/\\\/samso.eco\\\/ca\\\/#organization\"},\"image\":{\"@id\":\"https:\\\/\\\/samso.eco\\\/ca\\\/un-any-del-lapagada-del-sistema-electric-a-espanya-rigor-i-aprenentatges\\\/#primaryimage\"},\"thumbnailUrl\":\"https:\\\/\\\/samso.eco\\\/wp-content\\\/uploads\\\/2026\\\/04\\\/Captura-de-pantalla-2026-04-28-a-les-16.55.11.png\",\"articleSection\":[\"Not\u00edcies\"],\"inLanguage\":\"ca\",\"potentialAction\":[{\"@type\":\"CommentAction\",\"name\":\"Comment\",\"target\":[\"https:\\\/\\\/samso.eco\\\/ca\\\/un-any-del-lapagada-del-sistema-electric-a-espanya-rigor-i-aprenentatges\\\/#respond\"]}]},{\"@type\":\"WebPage\",\"@id\":\"https:\\\/\\\/samso.eco\\\/ca\\\/un-any-del-lapagada-del-sistema-electric-a-espanya-rigor-i-aprenentatges\\\/\",\"url\":\"https:\\\/\\\/samso.eco\\\/ca\\\/un-any-del-lapagada-del-sistema-electric-a-espanya-rigor-i-aprenentatges\\\/\",\"name\":\"Un any del l'apagada del sistema el\u00e8ctric a Espanya - Samso\",\"isPartOf\":{\"@id\":\"https:\\\/\\\/samso.eco\\\/ca\\\/#website\"},\"primaryImageOfPage\":{\"@id\":\"https:\\\/\\\/samso.eco\\\/ca\\\/un-any-del-lapagada-del-sistema-electric-a-espanya-rigor-i-aprenentatges\\\/#primaryimage\"},\"image\":{\"@id\":\"https:\\\/\\\/samso.eco\\\/ca\\\/un-any-del-lapagada-del-sistema-electric-a-espanya-rigor-i-aprenentatges\\\/#primaryimage\"},\"thumbnailUrl\":\"https:\\\/\\\/samso.eco\\\/wp-content\\\/uploads\\\/2026\\\/04\\\/Captura-de-pantalla-2026-04-28-a-les-16.55.11.png\",\"datePublished\":\"2026-04-28T14:56:18+00:00\",\"dateModified\":\"2026-04-28T15:06:08+00:00\",\"description\":\"An\u00e0lisi de SAMSO sobre l'apagada el\u00e8ctrica a Espanya: causes, fallades reguladores, impacte econ\u00f2mic i reptes del sistema el\u00e8ctric\",\"breadcrumb\":{\"@id\":\"https:\\\/\\\/samso.eco\\\/ca\\\/un-any-del-lapagada-del-sistema-electric-a-espanya-rigor-i-aprenentatges\\\/#breadcrumb\"},\"inLanguage\":\"ca\",\"potentialAction\":[{\"@type\":\"ReadAction\",\"target\":[\"https:\\\/\\\/samso.eco\\\/ca\\\/un-any-del-lapagada-del-sistema-electric-a-espanya-rigor-i-aprenentatges\\\/\"]}]},{\"@type\":\"ImageObject\",\"inLanguage\":\"ca\",\"@id\":\"https:\\\/\\\/samso.eco\\\/ca\\\/un-any-del-lapagada-del-sistema-electric-a-espanya-rigor-i-aprenentatges\\\/#primaryimage\",\"url\":\"https:\\\/\\\/samso.eco\\\/wp-content\\\/uploads\\\/2026\\\/04\\\/Captura-de-pantalla-2026-04-28-a-les-16.55.11.png\",\"contentUrl\":\"https:\\\/\\\/samso.eco\\\/wp-content\\\/uploads\\\/2026\\\/04\\\/Captura-de-pantalla-2026-04-28-a-les-16.55.11.png\",\"width\":593,\"height\":383},{\"@type\":\"BreadcrumbList\",\"@id\":\"https:\\\/\\\/samso.eco\\\/ca\\\/un-any-del-lapagada-del-sistema-electric-a-espanya-rigor-i-aprenentatges\\\/#breadcrumb\",\"itemListElement\":[{\"@type\":\"ListItem\",\"position\":1,\"name\":\"Portada\",\"item\":\"https:\\\/\\\/samso.eco\\\/ca\\\/home-2\\\/\"},{\"@type\":\"ListItem\",\"position\":2,\"name\":\"Un any de l&#8217;apagada del sistema el\u00e8ctric a Espanya: rigor i aprenentatges\"}]},{\"@type\":\"WebSite\",\"@id\":\"https:\\\/\\\/samso.eco\\\/ca\\\/#website\",\"url\":\"https:\\\/\\\/samso.eco\\\/ca\\\/\",\"name\":\"Samso\",\"description\":\"Construir contigo un futuro sostenible\",\"publisher\":{\"@id\":\"https:\\\/\\\/samso.eco\\\/ca\\\/#organization\"},\"potentialAction\":[{\"@type\":\"SearchAction\",\"target\":{\"@type\":\"EntryPoint\",\"urlTemplate\":\"https:\\\/\\\/samso.eco\\\/ca\\\/?s={search_term_string}\"},\"query-input\":{\"@type\":\"PropertyValueSpecification\",\"valueRequired\":true,\"valueName\":\"search_term_string\"}}],\"inLanguage\":\"ca\"},{\"@type\":\"Organization\",\"@id\":\"https:\\\/\\\/samso.eco\\\/ca\\\/#organization\",\"name\":\"Samso\",\"url\":\"https:\\\/\\\/samso.eco\\\/ca\\\/\",\"logo\":{\"@type\":\"ImageObject\",\"inLanguage\":\"ca\",\"@id\":\"https:\\\/\\\/samso.eco\\\/ca\\\/#\\\/schema\\\/logo\\\/image\\\/\",\"url\":\"https:\\\/\\\/samso.eco\\\/wp-content\\\/uploads\\\/2024\\\/03\\\/logo-samso-blanco.png\",\"contentUrl\":\"https:\\\/\\\/samso.eco\\\/wp-content\\\/uploads\\\/2024\\\/03\\\/logo-samso-blanco.png\",\"width\":800,\"height\":234,\"caption\":\"Samso\"},\"image\":{\"@id\":\"https:\\\/\\\/samso.eco\\\/ca\\\/#\\\/schema\\\/logo\\\/image\\\/\"}},{\"@type\":\"Person\",\"@id\":\"https:\\\/\\\/samso.eco\\\/ca\\\/#\\\/schema\\\/person\\\/8946490360756445b199e11a2308f0be\",\"name\":\"eco-samso\",\"image\":{\"@type\":\"ImageObject\",\"inLanguage\":\"ca\",\"@id\":\"https:\\\/\\\/secure.gravatar.com\\\/avatar\\\/fa06c29e64cbd5003f0ae852d1f82022fdd7d9ae1627de78702be066955ca171?s=96&d=mm&r=g\",\"url\":\"https:\\\/\\\/secure.gravatar.com\\\/avatar\\\/fa06c29e64cbd5003f0ae852d1f82022fdd7d9ae1627de78702be066955ca171?s=96&d=mm&r=g\",\"contentUrl\":\"https:\\\/\\\/secure.gravatar.com\\\/avatar\\\/fa06c29e64cbd5003f0ae852d1f82022fdd7d9ae1627de78702be066955ca171?s=96&d=mm&r=g\",\"caption\":\"eco-samso\"},\"url\":\"https:\\\/\\\/samso.eco\\\/ca\\\/author\\\/eco-samso\\\/\"}]}<\/script>\n<!-- \/ Yoast SEO plugin. -->","yoast_head_json":{"title":"Un any del l'apagada del sistema el\u00e8ctric a Espanya - Samso","description":"An\u00e0lisi de SAMSO sobre l'apagada el\u00e8ctrica a Espanya: causes, fallades reguladores, impacte econ\u00f2mic i reptes del sistema el\u00e8ctric","robots":{"index":"index","follow":"follow","max-snippet":"max-snippet:-1","max-image-preview":"max-image-preview:large","max-video-preview":"max-video-preview:-1"},"canonical":"https:\/\/samso.eco\/ca\/un-any-del-lapagada-del-sistema-electric-a-espanya-rigor-i-aprenentatges\/","og_locale":"ca_ES","og_type":"article","og_title":"Un any del l'apagada del sistema el\u00e8ctric a Espanya - Samso","og_description":"An\u00e0lisi de SAMSO sobre l'apagada el\u00e8ctrica a Espanya: causes, fallades reguladores, impacte econ\u00f2mic i reptes del sistema el\u00e8ctric","og_url":"https:\/\/samso.eco\/ca\/un-any-del-lapagada-del-sistema-electric-a-espanya-rigor-i-aprenentatges\/","og_site_name":"Samso","article_published_time":"2026-04-28T14:56:18+00:00","article_modified_time":"2026-04-28T15:06:08+00:00","og_image":[{"width":593,"height":383,"url":"https:\/\/samso.eco\/wp-content\/uploads\/2026\/04\/Captura-de-pantalla-2026-04-28-a-les-16.55.11.png","type":"image\/png"}],"author":"eco-samso","twitter_card":"summary_large_image","twitter_misc":{"Escrit per":"eco-samso","Temps estimat de lectura":"2 minuts"},"schema":{"@context":"https:\/\/schema.org","@graph":[{"@type":"Article","@id":"https:\/\/samso.eco\/ca\/un-any-del-lapagada-del-sistema-electric-a-espanya-rigor-i-aprenentatges\/#article","isPartOf":{"@id":"https:\/\/samso.eco\/ca\/un-any-del-lapagada-del-sistema-electric-a-espanya-rigor-i-aprenentatges\/"},"author":{"name":"eco-samso","@id":"https:\/\/samso.eco\/ca\/#\/schema\/person\/8946490360756445b199e11a2308f0be"},"headline":"Un any de l&#8217;apagada del sistema el\u00e8ctric a Espanya: rigor i aprenentatges","datePublished":"2026-04-28T14:56:18+00:00","dateModified":"2026-04-28T15:06:08+00:00","mainEntityOfPage":{"@id":"https:\/\/samso.eco\/ca\/un-any-del-lapagada-del-sistema-electric-a-espanya-rigor-i-aprenentatges\/"},"wordCount":472,"commentCount":0,"publisher":{"@id":"https:\/\/samso.eco\/ca\/#organization"},"image":{"@id":"https:\/\/samso.eco\/ca\/un-any-del-lapagada-del-sistema-electric-a-espanya-rigor-i-aprenentatges\/#primaryimage"},"thumbnailUrl":"https:\/\/samso.eco\/wp-content\/uploads\/2026\/04\/Captura-de-pantalla-2026-04-28-a-les-16.55.11.png","articleSection":["Not\u00edcies"],"inLanguage":"ca","potentialAction":[{"@type":"CommentAction","name":"Comment","target":["https:\/\/samso.eco\/ca\/un-any-del-lapagada-del-sistema-electric-a-espanya-rigor-i-aprenentatges\/#respond"]}]},{"@type":"WebPage","@id":"https:\/\/samso.eco\/ca\/un-any-del-lapagada-del-sistema-electric-a-espanya-rigor-i-aprenentatges\/","url":"https:\/\/samso.eco\/ca\/un-any-del-lapagada-del-sistema-electric-a-espanya-rigor-i-aprenentatges\/","name":"Un any del l'apagada del sistema el\u00e8ctric a Espanya - Samso","isPartOf":{"@id":"https:\/\/samso.eco\/ca\/#website"},"primaryImageOfPage":{"@id":"https:\/\/samso.eco\/ca\/un-any-del-lapagada-del-sistema-electric-a-espanya-rigor-i-aprenentatges\/#primaryimage"},"image":{"@id":"https:\/\/samso.eco\/ca\/un-any-del-lapagada-del-sistema-electric-a-espanya-rigor-i-aprenentatges\/#primaryimage"},"thumbnailUrl":"https:\/\/samso.eco\/wp-content\/uploads\/2026\/04\/Captura-de-pantalla-2026-04-28-a-les-16.55.11.png","datePublished":"2026-04-28T14:56:18+00:00","dateModified":"2026-04-28T15:06:08+00:00","description":"An\u00e0lisi de SAMSO sobre l'apagada el\u00e8ctrica a Espanya: causes, fallades reguladores, impacte econ\u00f2mic i reptes del sistema el\u00e8ctric","breadcrumb":{"@id":"https:\/\/samso.eco\/ca\/un-any-del-lapagada-del-sistema-electric-a-espanya-rigor-i-aprenentatges\/#breadcrumb"},"inLanguage":"ca","potentialAction":[{"@type":"ReadAction","target":["https:\/\/samso.eco\/ca\/un-any-del-lapagada-del-sistema-electric-a-espanya-rigor-i-aprenentatges\/"]}]},{"@type":"ImageObject","inLanguage":"ca","@id":"https:\/\/samso.eco\/ca\/un-any-del-lapagada-del-sistema-electric-a-espanya-rigor-i-aprenentatges\/#primaryimage","url":"https:\/\/samso.eco\/wp-content\/uploads\/2026\/04\/Captura-de-pantalla-2026-04-28-a-les-16.55.11.png","contentUrl":"https:\/\/samso.eco\/wp-content\/uploads\/2026\/04\/Captura-de-pantalla-2026-04-28-a-les-16.55.11.png","width":593,"height":383},{"@type":"BreadcrumbList","@id":"https:\/\/samso.eco\/ca\/un-any-del-lapagada-del-sistema-electric-a-espanya-rigor-i-aprenentatges\/#breadcrumb","itemListElement":[{"@type":"ListItem","position":1,"name":"Portada","item":"https:\/\/samso.eco\/ca\/home-2\/"},{"@type":"ListItem","position":2,"name":"Un any de l&#8217;apagada del sistema el\u00e8ctric a Espanya: rigor i aprenentatges"}]},{"@type":"WebSite","@id":"https:\/\/samso.eco\/ca\/#website","url":"https:\/\/samso.eco\/ca\/","name":"Samso","description":"Construir contigo un futuro sostenible","publisher":{"@id":"https:\/\/samso.eco\/ca\/#organization"},"potentialAction":[{"@type":"SearchAction","target":{"@type":"EntryPoint","urlTemplate":"https:\/\/samso.eco\/ca\/?s={search_term_string}"},"query-input":{"@type":"PropertyValueSpecification","valueRequired":true,"valueName":"search_term_string"}}],"inLanguage":"ca"},{"@type":"Organization","@id":"https:\/\/samso.eco\/ca\/#organization","name":"Samso","url":"https:\/\/samso.eco\/ca\/","logo":{"@type":"ImageObject","inLanguage":"ca","@id":"https:\/\/samso.eco\/ca\/#\/schema\/logo\/image\/","url":"https:\/\/samso.eco\/wp-content\/uploads\/2024\/03\/logo-samso-blanco.png","contentUrl":"https:\/\/samso.eco\/wp-content\/uploads\/2024\/03\/logo-samso-blanco.png","width":800,"height":234,"caption":"Samso"},"image":{"@id":"https:\/\/samso.eco\/ca\/#\/schema\/logo\/image\/"}},{"@type":"Person","@id":"https:\/\/samso.eco\/ca\/#\/schema\/person\/8946490360756445b199e11a2308f0be","name":"eco-samso","image":{"@type":"ImageObject","inLanguage":"ca","@id":"https:\/\/secure.gravatar.com\/avatar\/fa06c29e64cbd5003f0ae852d1f82022fdd7d9ae1627de78702be066955ca171?s=96&d=mm&r=g","url":"https:\/\/secure.gravatar.com\/avatar\/fa06c29e64cbd5003f0ae852d1f82022fdd7d9ae1627de78702be066955ca171?s=96&d=mm&r=g","contentUrl":"https:\/\/secure.gravatar.com\/avatar\/fa06c29e64cbd5003f0ae852d1f82022fdd7d9ae1627de78702be066955ca171?s=96&d=mm&r=g","caption":"eco-samso"},"url":"https:\/\/samso.eco\/ca\/author\/eco-samso\/"}]}},"_links":{"self":[{"href":"https:\/\/samso.eco\/ca\/wp-json\/wp\/v2\/posts\/4002","targetHints":{"allow":["GET"]}}],"collection":[{"href":"https:\/\/samso.eco\/ca\/wp-json\/wp\/v2\/posts"}],"about":[{"href":"https:\/\/samso.eco\/ca\/wp-json\/wp\/v2\/types\/post"}],"author":[{"embeddable":true,"href":"https:\/\/samso.eco\/ca\/wp-json\/wp\/v2\/users\/2"}],"replies":[{"embeddable":true,"href":"https:\/\/samso.eco\/ca\/wp-json\/wp\/v2\/comments?post=4002"}],"version-history":[{"count":1,"href":"https:\/\/samso.eco\/ca\/wp-json\/wp\/v2\/posts\/4002\/revisions"}],"predecessor-version":[{"id":4003,"href":"https:\/\/samso.eco\/ca\/wp-json\/wp\/v2\/posts\/4002\/revisions\/4003"}],"wp:featuredmedia":[{"embeddable":true,"href":"https:\/\/samso.eco\/ca\/wp-json\/wp\/v2\/media\/3995"}],"wp:attachment":[{"href":"https:\/\/samso.eco\/ca\/wp-json\/wp\/v2\/media?parent=4002"}],"wp:term":[{"taxonomy":"category","embeddable":true,"href":"https:\/\/samso.eco\/ca\/wp-json\/wp\/v2\/categories?post=4002"},{"taxonomy":"post_tag","embeddable":true,"href":"https:\/\/samso.eco\/ca\/wp-json\/wp\/v2\/tags?post=4002"}],"curies":[{"name":"wp","href":"https:\/\/api.w.org\/{rel}","templated":true}]}}