{"id":2914,"date":"2025-10-08T14:52:50","date_gmt":"2025-10-08T14:52:50","guid":{"rendered":"https:\/\/samso.eco\/eppur-si-muove-un-gran-avenc-per-a-la-transicio-energetica-justa-i-distribuida\/"},"modified":"2025-10-08T14:52:50","modified_gmt":"2025-10-08T14:52:50","slug":"eppur-si-muove-un-gran-avenc-per-a-la-transicio-energetica-justa-i-distribuida","status":"publish","type":"post","link":"https:\/\/samso.eco\/ca\/eppur-si-muove-un-gran-avenc-per-a-la-transicio-energetica-justa-i-distribuida\/","title":{"rendered":"Eppur si muove: un gran aven\u00e7 per a la transici\u00f3 energ\u00e8tica justa i distribu\u00efda"},"content":{"rendered":"<h3><strong>Valoraci\u00f3 i resum de la proposta de reial decret d&#8217;actualitzaci\u00f3 de l&#8217;autoconsum col\u00b7lectiu i impuls de l&#8217;emmagatzematge distribu\u00eft<\/strong><\/h3>\n<h4><strong>Una mica de context<\/strong><\/h4>\n<p><em>&#8221; El sistema energ\u00e8tic ha iniciat un proc\u00e9s de transici\u00f3 cap a un nou paradigma caracteritzat per la descarbonitzaci\u00f3, la descentralitzaci\u00f3 de la generaci\u00f3, l&#8217;electrificaci\u00f3 de l&#8217;economia, la participaci\u00f3 m\u00e9s activa dels consumidors i un \u00fas m\u00e9s sostenible dels recursos.&#8221; <\/em>Aix\u00ed comen\u00e7ava el RDL 15\/2018, la norma amb qu\u00e8 fa 7 anys el Govern va iniciar el seu cam\u00ed energ\u00e8tic. Avui podem celebrar que el cam\u00ed cap a un nou paradigma continua viu. La proposta de reial decret publicada el 08\/10\/2025 actualitza el marc de l&#8217;autoconsum col\u00b7lectiu i il\u00b7lumina l&#8217;emmagatzematge distribu\u00eft, pel qual sempre ha advocat Samso, a la regulaci\u00f3 espanyola.   <\/p>\n<p>Eppur si mouve. Tan important \u00e9s saber on anem com d&#8217;on venim. El RDL 15\/2018 va comen\u00e7ar la desconstrucci\u00f3 de l&#8217;edifici normatiu antirenovable vigent aleshores. El ja fam\u00f3s RD 244 va perfilar els detalls t\u00e8cnics, legals i econ\u00f2mics (que s\u00f3n molts) de l&#8217;autoconsum, seguint les l\u00ednies macro que definia el RDL 15\/2018, com l&#8217;abs\u00e8ncia de c\u00e0rrecs i peatges o la possibilitat d&#8217;autoconsum compartit. Sense detall normatiu, el canvi es queda al BOE.    <\/p>\n<p>Per\u00f2 no es va quedar all\u00e0. Avui s\u00f3n m\u00e9s de 8.000 MW de nova pot\u00e8ncia dedicada a l&#8217;autoconsum. Arribar fins aqu\u00ed no ha estat f\u00e0cil. La norma no era dolenta, de fet, podem dir que Espanya va passar de tenir la norma d&#8217;autoconsum pitjor (el RD 900\/2015, aix\u00ed ho va qualificar l&#8217;Ag\u00e8ncia Internacional de l&#8217;Energia), a una de les millors. Els n\u00fameros no menteixen; 8GW s\u00f3n molta inversi\u00f3, moltes persones, molts projectes, moltes plaques. Sense una norma bona, aix\u00f2 no hauria passat. Per\u00f2 tampoc sense l&#8217;esfor\u00e7 i el comprom\u00eds de tot un sector. Ara b\u00e9, hi ha qui l&#8217;autoconsum no li interessa. Moltes distribu\u00efdores han posat pals a les rodes al desplegament d&#8217;aquesta soluci\u00f3 t\u00e8cnica que \u00e9s sens dubte la punta de llan\u00e7a i el millor cas d&#8217;\u00e8xit de la democratitzaci\u00f3 de l&#8217;energia. De vegades per inter\u00e8s, de vegades per, o emparat en, la manca de detall normatiu.         <\/p>\n<h4><strong>Principals canvis<\/strong><\/h4>\n<p>La realitat t\u00e8cnica i econ\u00f2mica de l&#8217;autoconsum, especialment el col\u00b7lectiu, \u00e9s complexa. Quants comptadors cal posar-hi? Com s&#8217;imputa i es factura cada tipus d&#8217;energia? Qui ha de comunicar qu\u00e8 a qui? Aquesta norma posa llum all\u00e0 on hi havia ombra i ho fa sempre en benefici del desplegament de l&#8217;autoconsum col\u00b7lectiu. No \u00e9s perfecte, per\u00f2 no est\u00e0 gens malament. Els principals canvis s\u00f3n els seg\u00fcents:      <\/p>\n<p>&#8211; M\u00e9s r\u00e0dio (i menys tele!): Per a instal\u00b7lacions fotovoltaiques a coberta o s\u00f2l industrial, el radi de 2km per a 5km.<\/p>\n<p>&#8211; Un consumidor pot tenir connectat en xarxa interior un autoconsum i compartir amb els ve\u00efns el que li sobri. Aix\u00f2, que sona f\u00e0cil, requereix diverses adequacions regulat\u00f2ries de detall quant a modalitats d&#8217;autoconsum, comptadors, assignaci\u00f3 d&#8217;energia, etc. Ja ho vam dir, l&#8217;aplicaci\u00f3 tecniconormativa de detall no \u00e9s f\u00e0cil. Per exemple un bot\u00f3; aquest redactat no \u00e9s artifici\u00f3s, \u00e9s el que cal:<em> \u201cEnergia hor\u00e0ria excedent\u00e0ria compartida: En autoconsum col\u00b7lectiu, energia el\u00e8ctrica neta hor\u00e0ria generada per la instal\u00b7laci\u00f3 de producci\u00f3 associada a un autoconsum acollit a la modalitat amb excedents compartits i que no ha estat consumida preferentment pel consumidor principal.&#8221;<\/em>  <\/p>\n<p>&#8211; Un consumidor amb un autoconsum individual petit es pot sumar a l&#8217;autoconsum col\u00b7lectiu de la comunitat energ\u00e8tica del seu poble. Per aix\u00f2 calia canviar el r\u00e8gim de compatibilitat entre modalitats d&#8217;autoconsum, entre d&#8217;altres. <\/p>\n<p>&#8211; REE, com a operador del sistema, volia m\u00e9s visibilitat sobre l&#8217;autoconsum per operar el sistema amb seguretat. Concedit. I aix\u00f2 \u00e9s important, no a costa dels consumidors ni de la competitivitat econ\u00f2mica de l&#8217;autoconsum.  <\/p>\n<h4><strong>Emmagatzematge distribu\u00eft<\/strong><\/h4>\n<p>A Samso hem defensat fermament, amb idees, redactats, propostes, reunions, esdeveniments que l&#8217;emmagatzematge distribu\u00eft \u00e9s una pe\u00e7a clau perqu\u00e8 els petits i mitjans puguin continuar jugant un rol actiu aquesta nova fase de la transici\u00f3 energ\u00e8tica. La Disposici\u00f3 Addicional tercera consagra aix\u00f2 anterior en fer extensiu el r\u00e8gim de l&#8217;autoconsum, en conjunt, cosa que valorem molt positivament, a l&#8217;emmagatzematge distribu\u00eft \u201ccom si es tract\u00e9s d&#8217;una instal\u00b7laci\u00f3 de generaci\u00f3 o producci\u00f3\u201d. A m\u00e9s, entra a regular detalladament la q\u00fcesti\u00f3 de c\u00e0rrecs i peatges aplicables a aquesta energia, i altres q\u00fcestions de detall. Pot ser que no hi siguin totes, i per descomptat des de Samso presentarem les al\u00b7legacions que siguin procedents per ajudar que la norma sigui el m\u00e9s clara i operativa possible, per\u00f2 l&#8217;aven\u00e7, el pas endavant, \u00e9s contundent. Bona not\u00edcia per a tots aquells que entenen que la transici\u00f3 energ\u00e8tica no va (nom\u00e9s) de canviar el color del mix energ\u00e8tic. Continuem avan\u00e7ant per un sistema m\u00e9s just, resilient i distribu\u00eft.     <\/p>\n","protected":false},"excerpt":{"rendered":"<p>Valoraci\u00f3 i resum de la proposta de reial decret d&#8217;actualitzaci\u00f3 de l&#8217;autoconsum col\u00b7lectiu i impuls de l&#8217;emmagatzematge distribu\u00eft Una mica de context &#8221; El sistema energ\u00e8tic ha iniciat un proc\u00e9s de transici\u00f3 cap a un nou paradigma caracteritzat per la descarbonitzaci\u00f3, la descentralitzaci\u00f3 de la generaci\u00f3, l&#8217;electrificaci\u00f3 de l&#8217;economia, la participaci\u00f3 m\u00e9s activa dels consumidors [&hellip;]<\/p>\n","protected":false},"author":2,"featured_media":2916,"comment_status":"open","ping_status":"open","sticky":false,"template":"","format":"standard","meta":{"footnotes":""},"categories":[31],"tags":[62,59,61,63,64,60],"class_list":["post-2914","post","type-post","status-publish","format-standard","has-post-thumbnail","hentry","category-noticies","tag-almacenamientodistribuido-ca","tag-ebaflex-ca","tag-flexibilidad-ca","tag-innovacion-ca","tag-trabajocolaborativo-ca","tag-transicionenergetica-ca"],"yoast_head":"<!-- This site is optimized with the Yoast SEO plugin v27.5 - https:\/\/yoast.com\/product\/yoast-seo-wordpress\/ -->\n<title>Eppur si muove: un gran aven\u00e7 per a la transici\u00f3 energ\u00e8tica justa i distribu\u00efda - Samso<\/title>\n<meta name=\"description\" content=\"Valoraci\u00f3 i resum de la proposta de reial decret d&#039;actualitzaci\u00f3 de l&#039;autoconsum col\u00b7lectiu i impuls de l&#039;emmagatzematge distribu\u00eft\" \/>\n<meta name=\"robots\" content=\"index, follow, max-snippet:-1, max-image-preview:large, max-video-preview:-1\" \/>\n<link rel=\"canonical\" href=\"https:\/\/samso.eco\/ca\/eppur-si-muove-un-gran-avenc-per-a-la-transicio-energetica-justa-i-distribuida\/\" \/>\n<meta property=\"og:locale\" content=\"ca_ES\" \/>\n<meta property=\"og:type\" content=\"article\" \/>\n<meta property=\"og:title\" content=\"Eppur si muove: un gran aven\u00e7 per a la transici\u00f3 energ\u00e8tica justa i distribu\u00efda - Samso\" \/>\n<meta property=\"og:description\" content=\"Valoraci\u00f3 i resum de la proposta de reial decret d&#039;actualitzaci\u00f3 de l&#039;autoconsum col\u00b7lectiu i impuls de l&#039;emmagatzematge distribu\u00eft\" \/>\n<meta property=\"og:url\" content=\"https:\/\/samso.eco\/ca\/eppur-si-muove-un-gran-avenc-per-a-la-transicio-energetica-justa-i-distribuida\/\" \/>\n<meta property=\"og:site_name\" content=\"Samso\" \/>\n<meta property=\"article:published_time\" content=\"2025-10-08T14:52:50+00:00\" \/>\n<meta name=\"author\" content=\"eco-samso\" \/>\n<meta name=\"twitter:card\" content=\"summary_large_image\" \/>\n<meta name=\"twitter:label1\" content=\"Escrit per\" \/>\n\t<meta name=\"twitter:data1\" content=\"eco-samso\" \/>\n\t<meta name=\"twitter:label2\" content=\"Temps estimat de lectura\" \/>\n\t<meta name=\"twitter:data2\" content=\"4 minuts\" \/>\n<script type=\"application\/ld+json\" class=\"yoast-schema-graph\">{\"@context\":\"https:\\\/\\\/schema.org\",\"@graph\":[{\"@type\":\"Article\",\"@id\":\"https:\\\/\\\/samso.eco\\\/ca\\\/eppur-si-muove-un-gran-avenc-per-a-la-transicio-energetica-justa-i-distribuida\\\/#article\",\"isPartOf\":{\"@id\":\"https:\\\/\\\/samso.eco\\\/ca\\\/eppur-si-muove-un-gran-avenc-per-a-la-transicio-energetica-justa-i-distribuida\\\/\"},\"author\":{\"name\":\"eco-samso\",\"@id\":\"https:\\\/\\\/samso.eco\\\/ca\\\/#\\\/schema\\\/person\\\/8946490360756445b199e11a2308f0be\"},\"headline\":\"Eppur si muove: un gran aven\u00e7 per a la transici\u00f3 energ\u00e8tica justa i distribu\u00efda\",\"datePublished\":\"2025-10-08T14:52:50+00:00\",\"mainEntityOfPage\":{\"@id\":\"https:\\\/\\\/samso.eco\\\/ca\\\/eppur-si-muove-un-gran-avenc-per-a-la-transicio-energetica-justa-i-distribuida\\\/\"},\"wordCount\":887,\"commentCount\":0,\"publisher\":{\"@id\":\"https:\\\/\\\/samso.eco\\\/ca\\\/#organization\"},\"image\":{\"@id\":\"https:\\\/\\\/samso.eco\\\/ca\\\/eppur-si-muove-un-gran-avenc-per-a-la-transicio-energetica-justa-i-distribuida\\\/#primaryimage\"},\"thumbnailUrl\":\"https:\\\/\\\/samso.eco\\\/wp-content\\\/uploads\\\/2025\\\/10\\\/2024_E14_Quee-es-el-autoconsumo-colectivo_Tavola-disegno-1.webp\",\"keywords\":[\"AlmacenamientoDistribuido\",\"EBAFLEX\",\"Flexibilidad\",\"Innovaci\u00f3n\",\"TrabajoColaborativo\",\"Transici\u00f3nEnerg\u00e9tica\"],\"articleSection\":[\"Not\u00edcies\"],\"inLanguage\":\"ca\",\"potentialAction\":[{\"@type\":\"CommentAction\",\"name\":\"Comment\",\"target\":[\"https:\\\/\\\/samso.eco\\\/ca\\\/eppur-si-muove-un-gran-avenc-per-a-la-transicio-energetica-justa-i-distribuida\\\/#respond\"]}]},{\"@type\":\"WebPage\",\"@id\":\"https:\\\/\\\/samso.eco\\\/ca\\\/eppur-si-muove-un-gran-avenc-per-a-la-transicio-energetica-justa-i-distribuida\\\/\",\"url\":\"https:\\\/\\\/samso.eco\\\/ca\\\/eppur-si-muove-un-gran-avenc-per-a-la-transicio-energetica-justa-i-distribuida\\\/\",\"name\":\"Eppur si muove: un gran aven\u00e7 per a la transici\u00f3 energ\u00e8tica justa i distribu\u00efda - Samso\",\"isPartOf\":{\"@id\":\"https:\\\/\\\/samso.eco\\\/ca\\\/#website\"},\"primaryImageOfPage\":{\"@id\":\"https:\\\/\\\/samso.eco\\\/ca\\\/eppur-si-muove-un-gran-avenc-per-a-la-transicio-energetica-justa-i-distribuida\\\/#primaryimage\"},\"image\":{\"@id\":\"https:\\\/\\\/samso.eco\\\/ca\\\/eppur-si-muove-un-gran-avenc-per-a-la-transicio-energetica-justa-i-distribuida\\\/#primaryimage\"},\"thumbnailUrl\":\"https:\\\/\\\/samso.eco\\\/wp-content\\\/uploads\\\/2025\\\/10\\\/2024_E14_Quee-es-el-autoconsumo-colectivo_Tavola-disegno-1.webp\",\"datePublished\":\"2025-10-08T14:52:50+00:00\",\"description\":\"Valoraci\u00f3 i resum de la proposta de reial decret d'actualitzaci\u00f3 de l'autoconsum col\u00b7lectiu i impuls de l'emmagatzematge distribu\u00eft\",\"breadcrumb\":{\"@id\":\"https:\\\/\\\/samso.eco\\\/ca\\\/eppur-si-muove-un-gran-avenc-per-a-la-transicio-energetica-justa-i-distribuida\\\/#breadcrumb\"},\"inLanguage\":\"ca\",\"potentialAction\":[{\"@type\":\"ReadAction\",\"target\":[\"https:\\\/\\\/samso.eco\\\/ca\\\/eppur-si-muove-un-gran-avenc-per-a-la-transicio-energetica-justa-i-distribuida\\\/\"]}]},{\"@type\":\"ImageObject\",\"inLanguage\":\"ca\",\"@id\":\"https:\\\/\\\/samso.eco\\\/ca\\\/eppur-si-muove-un-gran-avenc-per-a-la-transicio-energetica-justa-i-distribuida\\\/#primaryimage\",\"url\":\"https:\\\/\\\/samso.eco\\\/wp-content\\\/uploads\\\/2025\\\/10\\\/2024_E14_Quee-es-el-autoconsumo-colectivo_Tavola-disegno-1.webp\",\"contentUrl\":\"https:\\\/\\\/samso.eco\\\/wp-content\\\/uploads\\\/2025\\\/10\\\/2024_E14_Quee-es-el-autoconsumo-colectivo_Tavola-disegno-1.webp\",\"width\":851,\"height\":481},{\"@type\":\"BreadcrumbList\",\"@id\":\"https:\\\/\\\/samso.eco\\\/ca\\\/eppur-si-muove-un-gran-avenc-per-a-la-transicio-energetica-justa-i-distribuida\\\/#breadcrumb\",\"itemListElement\":[{\"@type\":\"ListItem\",\"position\":1,\"name\":\"Portada\",\"item\":\"https:\\\/\\\/samso.eco\\\/ca\\\/home-2\\\/\"},{\"@type\":\"ListItem\",\"position\":2,\"name\":\"Eppur si muove: un gran aven\u00e7 per a la transici\u00f3 energ\u00e8tica justa i distribu\u00efda\"}]},{\"@type\":\"WebSite\",\"@id\":\"https:\\\/\\\/samso.eco\\\/ca\\\/#website\",\"url\":\"https:\\\/\\\/samso.eco\\\/ca\\\/\",\"name\":\"Samso\",\"description\":\"Construir contigo un futuro sostenible\",\"publisher\":{\"@id\":\"https:\\\/\\\/samso.eco\\\/ca\\\/#organization\"},\"potentialAction\":[{\"@type\":\"SearchAction\",\"target\":{\"@type\":\"EntryPoint\",\"urlTemplate\":\"https:\\\/\\\/samso.eco\\\/ca\\\/?s={search_term_string}\"},\"query-input\":{\"@type\":\"PropertyValueSpecification\",\"valueRequired\":true,\"valueName\":\"search_term_string\"}}],\"inLanguage\":\"ca\"},{\"@type\":\"Organization\",\"@id\":\"https:\\\/\\\/samso.eco\\\/ca\\\/#organization\",\"name\":\"Samso\",\"url\":\"https:\\\/\\\/samso.eco\\\/ca\\\/\",\"logo\":{\"@type\":\"ImageObject\",\"inLanguage\":\"ca\",\"@id\":\"https:\\\/\\\/samso.eco\\\/ca\\\/#\\\/schema\\\/logo\\\/image\\\/\",\"url\":\"https:\\\/\\\/samso.eco\\\/wp-content\\\/uploads\\\/2024\\\/03\\\/logo-samso-blanco.png\",\"contentUrl\":\"https:\\\/\\\/samso.eco\\\/wp-content\\\/uploads\\\/2024\\\/03\\\/logo-samso-blanco.png\",\"width\":800,\"height\":234,\"caption\":\"Samso\"},\"image\":{\"@id\":\"https:\\\/\\\/samso.eco\\\/ca\\\/#\\\/schema\\\/logo\\\/image\\\/\"}},{\"@type\":\"Person\",\"@id\":\"https:\\\/\\\/samso.eco\\\/ca\\\/#\\\/schema\\\/person\\\/8946490360756445b199e11a2308f0be\",\"name\":\"eco-samso\",\"image\":{\"@type\":\"ImageObject\",\"inLanguage\":\"ca\",\"@id\":\"https:\\\/\\\/secure.gravatar.com\\\/avatar\\\/fa06c29e64cbd5003f0ae852d1f82022fdd7d9ae1627de78702be066955ca171?s=96&d=mm&r=g\",\"url\":\"https:\\\/\\\/secure.gravatar.com\\\/avatar\\\/fa06c29e64cbd5003f0ae852d1f82022fdd7d9ae1627de78702be066955ca171?s=96&d=mm&r=g\",\"contentUrl\":\"https:\\\/\\\/secure.gravatar.com\\\/avatar\\\/fa06c29e64cbd5003f0ae852d1f82022fdd7d9ae1627de78702be066955ca171?s=96&d=mm&r=g\",\"caption\":\"eco-samso\"},\"url\":\"https:\\\/\\\/samso.eco\\\/ca\\\/author\\\/eco-samso\\\/\"}]}<\/script>\n<!-- \/ Yoast SEO plugin. -->","yoast_head_json":{"title":"Eppur si muove: un gran aven\u00e7 per a la transici\u00f3 energ\u00e8tica justa i distribu\u00efda - Samso","description":"Valoraci\u00f3 i resum de la proposta de reial decret d'actualitzaci\u00f3 de l'autoconsum col\u00b7lectiu i impuls de l'emmagatzematge distribu\u00eft","robots":{"index":"index","follow":"follow","max-snippet":"max-snippet:-1","max-image-preview":"max-image-preview:large","max-video-preview":"max-video-preview:-1"},"canonical":"https:\/\/samso.eco\/ca\/eppur-si-muove-un-gran-avenc-per-a-la-transicio-energetica-justa-i-distribuida\/","og_locale":"ca_ES","og_type":"article","og_title":"Eppur si muove: un gran aven\u00e7 per a la transici\u00f3 energ\u00e8tica justa i distribu\u00efda - Samso","og_description":"Valoraci\u00f3 i resum de la proposta de reial decret d'actualitzaci\u00f3 de l'autoconsum col\u00b7lectiu i impuls de l'emmagatzematge distribu\u00eft","og_url":"https:\/\/samso.eco\/ca\/eppur-si-muove-un-gran-avenc-per-a-la-transicio-energetica-justa-i-distribuida\/","og_site_name":"Samso","article_published_time":"2025-10-08T14:52:50+00:00","author":"eco-samso","twitter_card":"summary_large_image","twitter_misc":{"Escrit per":"eco-samso","Temps estimat de lectura":"4 minuts"},"schema":{"@context":"https:\/\/schema.org","@graph":[{"@type":"Article","@id":"https:\/\/samso.eco\/ca\/eppur-si-muove-un-gran-avenc-per-a-la-transicio-energetica-justa-i-distribuida\/#article","isPartOf":{"@id":"https:\/\/samso.eco\/ca\/eppur-si-muove-un-gran-avenc-per-a-la-transicio-energetica-justa-i-distribuida\/"},"author":{"name":"eco-samso","@id":"https:\/\/samso.eco\/ca\/#\/schema\/person\/8946490360756445b199e11a2308f0be"},"headline":"Eppur si muove: un gran aven\u00e7 per a la transici\u00f3 energ\u00e8tica justa i distribu\u00efda","datePublished":"2025-10-08T14:52:50+00:00","mainEntityOfPage":{"@id":"https:\/\/samso.eco\/ca\/eppur-si-muove-un-gran-avenc-per-a-la-transicio-energetica-justa-i-distribuida\/"},"wordCount":887,"commentCount":0,"publisher":{"@id":"https:\/\/samso.eco\/ca\/#organization"},"image":{"@id":"https:\/\/samso.eco\/ca\/eppur-si-muove-un-gran-avenc-per-a-la-transicio-energetica-justa-i-distribuida\/#primaryimage"},"thumbnailUrl":"https:\/\/samso.eco\/wp-content\/uploads\/2025\/10\/2024_E14_Quee-es-el-autoconsumo-colectivo_Tavola-disegno-1.webp","keywords":["AlmacenamientoDistribuido","EBAFLEX","Flexibilidad","Innovaci\u00f3n","TrabajoColaborativo","Transici\u00f3nEnerg\u00e9tica"],"articleSection":["Not\u00edcies"],"inLanguage":"ca","potentialAction":[{"@type":"CommentAction","name":"Comment","target":["https:\/\/samso.eco\/ca\/eppur-si-muove-un-gran-avenc-per-a-la-transicio-energetica-justa-i-distribuida\/#respond"]}]},{"@type":"WebPage","@id":"https:\/\/samso.eco\/ca\/eppur-si-muove-un-gran-avenc-per-a-la-transicio-energetica-justa-i-distribuida\/","url":"https:\/\/samso.eco\/ca\/eppur-si-muove-un-gran-avenc-per-a-la-transicio-energetica-justa-i-distribuida\/","name":"Eppur si muove: un gran aven\u00e7 per a la transici\u00f3 energ\u00e8tica justa i distribu\u00efda - Samso","isPartOf":{"@id":"https:\/\/samso.eco\/ca\/#website"},"primaryImageOfPage":{"@id":"https:\/\/samso.eco\/ca\/eppur-si-muove-un-gran-avenc-per-a-la-transicio-energetica-justa-i-distribuida\/#primaryimage"},"image":{"@id":"https:\/\/samso.eco\/ca\/eppur-si-muove-un-gran-avenc-per-a-la-transicio-energetica-justa-i-distribuida\/#primaryimage"},"thumbnailUrl":"https:\/\/samso.eco\/wp-content\/uploads\/2025\/10\/2024_E14_Quee-es-el-autoconsumo-colectivo_Tavola-disegno-1.webp","datePublished":"2025-10-08T14:52:50+00:00","description":"Valoraci\u00f3 i resum de la proposta de reial decret d'actualitzaci\u00f3 de l'autoconsum col\u00b7lectiu i impuls de l'emmagatzematge distribu\u00eft","breadcrumb":{"@id":"https:\/\/samso.eco\/ca\/eppur-si-muove-un-gran-avenc-per-a-la-transicio-energetica-justa-i-distribuida\/#breadcrumb"},"inLanguage":"ca","potentialAction":[{"@type":"ReadAction","target":["https:\/\/samso.eco\/ca\/eppur-si-muove-un-gran-avenc-per-a-la-transicio-energetica-justa-i-distribuida\/"]}]},{"@type":"ImageObject","inLanguage":"ca","@id":"https:\/\/samso.eco\/ca\/eppur-si-muove-un-gran-avenc-per-a-la-transicio-energetica-justa-i-distribuida\/#primaryimage","url":"https:\/\/samso.eco\/wp-content\/uploads\/2025\/10\/2024_E14_Quee-es-el-autoconsumo-colectivo_Tavola-disegno-1.webp","contentUrl":"https:\/\/samso.eco\/wp-content\/uploads\/2025\/10\/2024_E14_Quee-es-el-autoconsumo-colectivo_Tavola-disegno-1.webp","width":851,"height":481},{"@type":"BreadcrumbList","@id":"https:\/\/samso.eco\/ca\/eppur-si-muove-un-gran-avenc-per-a-la-transicio-energetica-justa-i-distribuida\/#breadcrumb","itemListElement":[{"@type":"ListItem","position":1,"name":"Portada","item":"https:\/\/samso.eco\/ca\/home-2\/"},{"@type":"ListItem","position":2,"name":"Eppur si muove: un gran aven\u00e7 per a la transici\u00f3 energ\u00e8tica justa i distribu\u00efda"}]},{"@type":"WebSite","@id":"https:\/\/samso.eco\/ca\/#website","url":"https:\/\/samso.eco\/ca\/","name":"Samso","description":"Construir contigo un futuro sostenible","publisher":{"@id":"https:\/\/samso.eco\/ca\/#organization"},"potentialAction":[{"@type":"SearchAction","target":{"@type":"EntryPoint","urlTemplate":"https:\/\/samso.eco\/ca\/?s={search_term_string}"},"query-input":{"@type":"PropertyValueSpecification","valueRequired":true,"valueName":"search_term_string"}}],"inLanguage":"ca"},{"@type":"Organization","@id":"https:\/\/samso.eco\/ca\/#organization","name":"Samso","url":"https:\/\/samso.eco\/ca\/","logo":{"@type":"ImageObject","inLanguage":"ca","@id":"https:\/\/samso.eco\/ca\/#\/schema\/logo\/image\/","url":"https:\/\/samso.eco\/wp-content\/uploads\/2024\/03\/logo-samso-blanco.png","contentUrl":"https:\/\/samso.eco\/wp-content\/uploads\/2024\/03\/logo-samso-blanco.png","width":800,"height":234,"caption":"Samso"},"image":{"@id":"https:\/\/samso.eco\/ca\/#\/schema\/logo\/image\/"}},{"@type":"Person","@id":"https:\/\/samso.eco\/ca\/#\/schema\/person\/8946490360756445b199e11a2308f0be","name":"eco-samso","image":{"@type":"ImageObject","inLanguage":"ca","@id":"https:\/\/secure.gravatar.com\/avatar\/fa06c29e64cbd5003f0ae852d1f82022fdd7d9ae1627de78702be066955ca171?s=96&d=mm&r=g","url":"https:\/\/secure.gravatar.com\/avatar\/fa06c29e64cbd5003f0ae852d1f82022fdd7d9ae1627de78702be066955ca171?s=96&d=mm&r=g","contentUrl":"https:\/\/secure.gravatar.com\/avatar\/fa06c29e64cbd5003f0ae852d1f82022fdd7d9ae1627de78702be066955ca171?s=96&d=mm&r=g","caption":"eco-samso"},"url":"https:\/\/samso.eco\/ca\/author\/eco-samso\/"}]}},"_links":{"self":[{"href":"https:\/\/samso.eco\/ca\/wp-json\/wp\/v2\/posts\/2914","targetHints":{"allow":["GET"]}}],"collection":[{"href":"https:\/\/samso.eco\/ca\/wp-json\/wp\/v2\/posts"}],"about":[{"href":"https:\/\/samso.eco\/ca\/wp-json\/wp\/v2\/types\/post"}],"author":[{"embeddable":true,"href":"https:\/\/samso.eco\/ca\/wp-json\/wp\/v2\/users\/2"}],"replies":[{"embeddable":true,"href":"https:\/\/samso.eco\/ca\/wp-json\/wp\/v2\/comments?post=2914"}],"version-history":[{"count":0,"href":"https:\/\/samso.eco\/ca\/wp-json\/wp\/v2\/posts\/2914\/revisions"}],"wp:featuredmedia":[{"embeddable":true,"href":"https:\/\/samso.eco\/ca\/wp-json\/wp\/v2\/media\/2916"}],"wp:attachment":[{"href":"https:\/\/samso.eco\/ca\/wp-json\/wp\/v2\/media?parent=2914"}],"wp:term":[{"taxonomy":"category","embeddable":true,"href":"https:\/\/samso.eco\/ca\/wp-json\/wp\/v2\/categories?post=2914"},{"taxonomy":"post_tag","embeddable":true,"href":"https:\/\/samso.eco\/ca\/wp-json\/wp\/v2\/tags?post=2914"}],"curies":[{"name":"wp","href":"https:\/\/api.w.org\/{rel}","templated":true}]}}